{"id":1767,"date":"2024-07-31T12:00:40","date_gmt":"2024-07-31T12:00:40","guid":{"rendered":"https:\/\/dividuals.be\/blog\/daling-van-het-aantal-wagens-per-huishouden\/"},"modified":"2024-07-31T12:13:31","modified_gmt":"2024-07-31T12:13:31","slug":"daling-van-het-aantal-wagens-per-huishouden","status":"publish","type":"post","link":"https:\/\/dividuals.be\/fr\/blog\/daling-van-het-aantal-wagens-per-huishouden\/","title":{"rendered":"Baisse du nombre de voitures par m\u00e9nage"},"content":{"rendered":"\n<p>Ces derni\u00e8res ann\u00e9es, nous avons observ\u00e9 des changements dans le nombre de voitures par m\u00e9nage en Belgique. Cette \u00e9volution est influenc\u00e9e par divers facteurs, tels que les zones \u00e0 faibles \u00e9missions, les plans de mobilit\u00e9, la dimension \u00e9cologique et la disponibilit\u00e9 des moyens de transport alternatifs. Examinons de plus pr\u00e8s les tendances et les chiffres pour avoir une vue d&rsquo;ensemble de cette \u00e9volution entre 2018 et 2024. <\/p>\n\n<div style=\"height:30px\" aria-hidden=\"true\" class=\"wp-block-spacer\"><\/div>\n\n<h3 class=\"wp-block-heading has-text-align-center\"><strong>\u00c9volution du nombre de voitures par m\u00e9nage (2018-2022)<\/strong><\/h3>\n\n<figure class=\"wp-block-image aligncenter size-full is-resized\"><img decoding=\"async\" width=\"1000\" height=\"707\" src=\"https:\/\/dividuals.be\/wp-content\/uploads\/2024\/07\/SIRIUS_Evolution_Cars-per-household-Belgium-2022.jpg\" alt=\"\" class=\"wp-image-1747\" style=\"width:800px\" srcset=\"https:\/\/dividuals.be\/wp-content\/uploads\/2024\/07\/SIRIUS_Evolution_Cars-per-household-Belgium-2022.jpg 1000w, https:\/\/dividuals.be\/wp-content\/uploads\/2024\/07\/SIRIUS_Evolution_Cars-per-household-Belgium-2022-300x212.jpg 300w, https:\/\/dividuals.be\/wp-content\/uploads\/2024\/07\/SIRIUS_Evolution_Cars-per-household-Belgium-2022-768x543.jpg 768w\" sizes=\"(max-width: 1000px) 100vw, 1000px\" \/><figcaption class=\"wp-element-caption\">Cartograhie SIRIUS Insight, Source Statbel<\/figcaption><\/figure>\n\n<h2 class=\"wp-block-heading\"><strong>Tendances g\u00e9n\u00e9rales<\/strong><\/h2>\n\n<h3 class=\"wp-block-heading\"><strong>Une augmentation de 3 % du nombre de m\u00e9nages sans voiture<\/strong><\/h3>\n\n<p><strong>Une tendance marquante est qu&rsquo;un peu plus de m\u00e9nages, soit 3 % par rapport \u00e0 2018, choisissent de ne plus poss\u00e9der de voiture.<\/strong> Ce changement peut \u00eatre attribu\u00e9 \u00e0 divers facteurs, tels que l&rsquo;am\u00e9lioration des infrastructures de transport en commun, la prise de conscience \u00e9cologique et l&rsquo;\u00e9mergence de services de covoiturage et d&rsquo;autres services de mobilit\u00e9.  <strong>Malgr\u00e9 cette tendance \u00e0 la baisse, la part des m\u00e9nages poss\u00e9dant une voiture reste \u00e9lev\u00e9e. Ainsi, nous constatons que 85 % des m\u00e9nages ont acc\u00e8s \u00e0 une voiture personnelle ou \u00e0 une voiture en leasing.<\/strong><\/p>\n\n<h3 class=\"wp-block-heading\"><strong>Voitures et moyens de transport alternatifs en centre-ville<\/strong><\/h3>\n\n<p><strong>En centre-ville, seulement un m\u00e9nage sur deux poss\u00e8de une voiture.<\/strong> Ceci montre clairement la transition vers des moyens de transport alternatifs dans les zones urbaines. L&rsquo;infrastructure d\u00e9di\u00e9e aux cyclistes et aux pi\u00e9tons, ainsi que les restrictions de circulation automobile, les zones \u00e0 faibles \u00e9missions (LEZ) et les parkings, incitent les habitants \u00e0 \u00eatre moins d\u00e9pendants des voitures personnelles. <\/p>\n\n<p>L&rsquo;apparition des v\u00e9los et trottinettes partag\u00e9s offre aux r\u00e9sidents des options flexibles et \u00e9cologiques pour les trajets courts et moyens. Ces formes de micromobilit\u00e9 ont gagn\u00e9 en popularit\u00e9 aupr\u00e8s des citadins. <\/p>\n\n<h3 class=\"wp-block-heading\"><strong>Plus de voitures par m\u00e9nage en dehors des centres urbains<\/strong><\/h3>\n\n<p>En dehors du centre-ville, et surtout \u00e0 mesure que la distance par rapport \u00e0 une ville augmente, le nombre de voitures par m\u00e9nage augmente.<strong> Dans les zones rurales et les p\u00e9riph\u00e9ries des villes, les familles d\u00e9pendent fortement de leur voiture en raison des options de transport limit\u00e9es.<\/strong><\/p>\n\n<div style=\"height:30px\" aria-hidden=\"true\" class=\"wp-block-spacer\"><\/div>\n\n<h3 class=\"wp-block-heading has-text-align-center\"><strong>Nombre moyen de voitures par m\u00e9nage selon la densit\u00e9 de population<\/strong><\/h3>\n\n<figure class=\"wp-block-image aligncenter size-full is-resized\"><img decoding=\"async\" width=\"1000\" height=\"707\" src=\"https:\/\/dividuals.be\/wp-content\/uploads\/2024\/07\/SIRIUS_Cars-per-household-Belgium-2022.jpg\" alt=\"\" class=\"wp-image-1750\" style=\"width:800px\" srcset=\"https:\/\/dividuals.be\/wp-content\/uploads\/2024\/07\/SIRIUS_Cars-per-household-Belgium-2022.jpg 1000w, https:\/\/dividuals.be\/wp-content\/uploads\/2024\/07\/SIRIUS_Cars-per-household-Belgium-2022-300x212.jpg 300w, https:\/\/dividuals.be\/wp-content\/uploads\/2024\/07\/SIRIUS_Cars-per-household-Belgium-2022-768x543.jpg 768w\" sizes=\"(max-width: 1000px) 100vw, 1000px\" \/><figcaption class=\"wp-element-caption\">Cartograhie SIRIUS Insight, Source Statbel<\/figcaption><\/figure>\n\n<h2 class=\"wp-block-heading\"><strong>Tendances regionals<\/strong><\/h2>\n\n<h3 class=\"wp-block-heading\"><strong>Bruxelles<\/strong><\/h3>\n\n<p>\u00c0 Bruxelles, nous observons <strong>une forte diminution du nombre de voitures par m\u00e9nage<\/strong>, avec une baisse de 6 % entre 2018 et 2022. Des explications possibles sont les zones pi\u00e9tonnes, les embouteillages, les possibilit\u00e9s de stationnement limit\u00e9es avec des tarifs de stationnement plus \u00e9lev\u00e9s et de nombreuses options de transport en commun et de mobilit\u00e9 alternative. <\/p>\n\n<h3 class=\"wp-block-heading\"><strong>Flandre<\/strong><\/h3>\n\n<p>En Flandre, il y a <strong>une diminution mod\u00e9r\u00e9e du nombre de voitures par m\u00e9nage<\/strong>, variant de 1 % \u00e0 4 %. Cela indique un changement progressif o\u00f9 de plus en plus de familles choisissent des moyens de transport alternatifs, bien que la voiture reste un moyen de transport important pour beaucoup. <\/p>\n\n<h3 class=\"wp-block-heading\"><strong>Wallonie<\/strong><\/h3>\n\n<p>En Wallonie, il y a cependant <strong>une stabilisation, voire une augmentation du nombre de voitures par m\u00e9nage<\/strong>. Cette hausse se constate notamment dans le Sillon Sambre et Meuse, ainsi que dans les zones les plus rurales. Une explication possible r\u00e9side dans les distances plus vastes entre les villes et les communes ainsi que dans l&rsquo;offre plus limit\u00e9e de transports en commun.  <\/p>\n\n<h2 class=\"wp-block-heading\"><strong>Les jeunes actifs et les m\u00e9nages \u00e0 deux salaires arrivent en t\u00eate en mati\u00e8re de leasing<\/strong><\/h2>\n\n<p>Lorsqu\u2019on observe la possession d\u2019une voiture \u00e0 travers la segmentation des consommateurs <a href=\"https:\/\/dividuals.be\/fr\/decouvrez-dividuals\/\">Dividuals\u00ae<\/a>, on voit qu\u2019une part importante de m\u00e9nages dispose d\u2019une voiture en leasing. Vue de plus pr\u00e8s, cette tendance concerne des segments Dividuals\u00ae sp\u00e9cifiques. Dividuals\u00ae est la segmentation des consommateurs sur le march\u00e9 belge, qui classe les consommateurs belges selon des caract\u00e9ristiques (sociod\u00e9mographiques, socio-\u00e9conomiques, environnement de vie) et de comportements similaires. On remarque par exemple que le segment <strong>B (L\u2019avenir en main) <\/strong>obtient le score le plus \u00e9lev\u00e9 pour les voitures en leasing. Environ 40 % de ces jeunes m\u00e9nages ont une voiture en leasing. <strong>Le segment F (\u00c0 toute allure) <\/strong>obtient \u00e9galement un score \u00e9lev\u00e9. Parmi ces m\u00e9nages \u00e0 deux salaires avec des petits enfants, plus de 30 % ont au moins une voiture en leasing.      <\/p>\n\n<h2 class=\"wp-block-heading\"><strong>Qui ach\u00e8te des voitures \u00e9lectriques ?<\/strong><\/h2>\n\n<p>Aujourd\u2019hui, les ventes de voitures \u00e9lectriques sont fortement stimul\u00e9es par le march\u00e9 du leasing. L\u2019examen du profil des acheteurs de voitures \u00e9lectriques r\u00e9v\u00e8le les m\u00eames segments Dividuals\u00ae que pour les voitures en leasing. Le renforcement de la r\u00e9glementation et l\u2019arriv\u00e9e d\u2019autres marques, dont certaines moins ch\u00e8res, pourraient cr\u00e9er une nouvelle dynamique sur ce march\u00e9.  <\/p>\n\n<div class=\"wp-block-columns are-vertically-aligned-center is-layout-flex wp-container-core-columns-is-layout-9d6595d7 wp-block-columns-is-layout-flex\">\n<div class=\"wp-block-column is-vertically-aligned-center is-layout-flow wp-block-column-is-layout-flow\">\n<figure class=\"wp-block-image size-full\"><img decoding=\"async\" width=\"998\" height=\"860\" src=\"https:\/\/dividuals.be\/wp-content\/uploads\/2024\/07\/Dividuals-map-Belgium.jpg\" alt=\"\" class=\"wp-image-1757\" srcset=\"https:\/\/dividuals.be\/wp-content\/uploads\/2024\/07\/Dividuals-map-Belgium.jpg 998w, https:\/\/dividuals.be\/wp-content\/uploads\/2024\/07\/Dividuals-map-Belgium-300x259.jpg 300w, https:\/\/dividuals.be\/wp-content\/uploads\/2024\/07\/Dividuals-map-Belgium-768x662.jpg 768w\" sizes=\"(max-width: 998px) 100vw, 998px\" \/><\/figure>\n<\/div>\n\n\n\n<div class=\"wp-block-column is-vertically-aligned-center is-layout-flow wp-block-column-is-layout-flow\">\n<h2 class=\"wp-block-heading\"><strong>Le senior modeste est fid\u00e8le \u00e0 sa voiture.<\/strong><\/h2>\n\n\n\n<p>Si l\u2019on consid\u00e8re l\u2019\u00e2ge des voitures dont disposent les m\u00e9nages, on constate logiquement que les segments o\u00f9 les pourcentages de leasing sont \u00e9lev\u00e9s ont des voitures tr\u00e8s r\u00e9centes. Une analyse d\u00e9taill\u00e9e des chiffres r\u00e9v\u00e8le des tendances frappantes. Pr\u00e8s de 70 % des m\u00e9nages du segment <strong>E (Les seniors du quartier)<\/strong> sont les premiers propri\u00e9taires de leur voiture. Une tendance similaire est notoire dans le segment<strong> H (Le temps de profiter)<\/strong>.    Ces m\u00e9nages ach\u00e8tent donc presque syst\u00e9matiquement leur voiture neuve, mais l\u2019utilisent pendant une p\u00e9riode beaucoup plus longue. Plus d\u2019un tiers de leurs voitures ont 9 ans ou plus. Les m\u00e9nages des segments <strong>A (Un jour apr\u00e8s l\u2019autre), B (L\u2019avenir en main), C (En toute simplicit\u00e9)<\/strong> et <strong>F (A toute allure) <\/strong>qui n\u2019ont pas de voiture en leasing optent plus souvent pour une voiture d\u2019occasion.<\/p>\n<\/div>\n<\/div>\n\n<h2 class=\"wp-block-heading\"><strong>O\u00f9 se situe votre potentiel de march\u00e9 ?<\/strong><\/h2>\n\n<p>Le march\u00e9 de l\u2019automobile est complexe. Marques et distributeurs sont confront\u00e9s \u00e0 un march\u00e9 en pleine mutation, avec de nombreux segments distincts : celui du leasing, de l\u2019occasion et des v\u00e9hicules neufs. Chaque march\u00e9, chaque marque, poss\u00e8de son public cible sp\u00e9cifique. En notre qualit\u00e9 d\u2019expert en g\u00e9omarketing, nous vous recommandons de <a href=\"https:\/\/dividuals.be\/fr\/definition-de-votre-groupe-cible\/\">d\u00e9finir clairement votre groupe cible<\/a> : sachez qui sont vos clients, combien ils sont et o\u00f9 ils sont pr\u00e9sents. L\u2019utilisation de la segmentation des consommateurs Dividuals\u00ae vous permet d\u2019acc\u00e9der \u00e0 ces informations cruciales pour \u00e9valuer votre <a href=\"https:\/\/dividuals.be\/fr\/definissez-votre-potentiel-de-marche\/\">potentiel de march\u00e9<\/a>.<\/p>\n\n<p>Nous avons vu pr\u00e9c\u00e9demment que les consommateurs du segment Dividuals\u00ae<strong> B (L\u2019avenir en main)<\/strong> ont souvent une voiture en leasing. Sachant qu\u2019ils sont deux fois plus nombreux \u00e0 Bruxelles que dans d\u2019autres r\u00e9gions, vous savez imm\u00e9diatement comment adapter votre <a href=\"https:\/\/dividuals.be\/fr\/amplifiez-le-roi-de-votre-marketing\/\">approche marketing<\/a> pour atteindre ce segment.<\/p>\n\n<figure class=\"wp-block-image aligncenter size-large is-resized\"><img decoding=\"async\" width=\"1024\" height=\"471\" src=\"https:\/\/dividuals.be\/wp-content\/uploads\/2024\/07\/Dividuals-Market-potential-1024x471.jpg\" alt=\"\" class=\"wp-image-1753\" style=\"width:800px\" srcset=\"https:\/\/dividuals.be\/wp-content\/uploads\/2024\/07\/Dividuals-Market-potential-1024x471.jpg 1024w, https:\/\/dividuals.be\/wp-content\/uploads\/2024\/07\/Dividuals-Market-potential-300x138.jpg 300w, https:\/\/dividuals.be\/wp-content\/uploads\/2024\/07\/Dividuals-Market-potential-768x354.jpg 768w, https:\/\/dividuals.be\/wp-content\/uploads\/2024\/07\/Dividuals-Market-potential-1536x707.jpg 1536w, https:\/\/dividuals.be\/wp-content\/uploads\/2024\/07\/Dividuals-Market-potential.jpg 1753w\" sizes=\"(max-width: 1024px) 100vw, 1024px\" \/><\/figure>\n\n<h2 class=\"wp-block-heading\"><strong>Conclusion<\/strong><\/h2>\n\n<p><strong>L&rsquo;\u00e9volution du nombre de voitures par m\u00e9nage entre 2018 et 2024 r\u00e9v\u00e8le un tableau complexe des changements dans les modes de mobilit\u00e9 en Belgique. . Tandis que les zones urbaines comme Bruxelles enregistrent une baisse significative de l&rsquo;utilisation des voitures, les r\u00e9gions rurales demeurent fortement d\u00e9pendantes de ce mode de transport. En Flandre, on observe une diminution mod\u00e9r\u00e9e, tandis que la Wallonie conna\u00eet m\u00eame une augmentation du nombre de voitures par m\u00e9nage.<\/strong><\/p>\n\n<p>Ces tendances soulignent la n\u00e9cessit\u00e9 pour les d\u00e9cideurs de d\u00e9velopper des strat\u00e9gies r\u00e9gionales diff\u00e9renci\u00e9es, adapt\u00e9es aux besoins et pr\u00e9f\u00e9rences de transport sp\u00e9cifiques de chaque r\u00e9gion. En collaborant avec <a href=\"https:\/\/siriusinsight.be\/\">SIRIUS Insight<\/a>, vous pouvez obtenir une vision pr\u00e9cise de votre public cible, de sa r\u00e9partition g\u00e9ographique et de sa taille. Nous offrons \u00e9galement de nombreuses opportunit\u00e9s pour faciliter le contact avec votre groupe cible. <a href=\"https:\/\/dividuals.be\/fr\/contact\/\">Contactez-nous<\/a> pour plus d&rsquo;informations. <\/p>\n","protected":false},"excerpt":{"rendered":"<p>Ces derni\u00e8res ann\u00e9es, nous avons observ\u00e9 des changements &#8230;<\/p>\n","protected":false},"author":2,"featured_media":1765,"comment_status":"open","ping_status":"open","sticky":false,"template":"","format":"standard","meta":{"footnotes":""},"categories":[32],"tags":[56],"class_list":["post-1767","post","type-post","status-publish","format-standard","has-post-thumbnail","hentry","category-blog","tag-trends-fr"],"acf":[],"yoast_head":"<!-- This site is optimized with the Yoast SEO plugin v27.2 - https:\/\/yoast.com\/product\/yoast-seo-wordpress\/ -->\n<title>Baisse du nombre de voitures par m\u00e9nage - Dividuals\u00ae by SIRIUS Insight<\/title>\n<meta name=\"robots\" content=\"index, follow, max-snippet:-1, max-image-preview:large, max-video-preview:-1\" \/>\n<link rel=\"canonical\" href=\"https:\/\/dividuals.be\/fr\/blog\/daling-van-het-aantal-wagens-per-huishouden\/\" \/>\n<meta property=\"og:locale\" content=\"fr_FR\" \/>\n<meta property=\"og:type\" content=\"article\" \/>\n<meta property=\"og:title\" content=\"Baisse du nombre de voitures par m\u00e9nage - Dividuals\u00ae by SIRIUS Insight\" \/>\n<meta property=\"og:description\" content=\"Ces derni\u00e8res ann\u00e9es, nous avons observ\u00e9 des changements ...\" \/>\n<meta property=\"og:url\" content=\"https:\/\/dividuals.be\/fr\/blog\/daling-van-het-aantal-wagens-per-huishouden\/\" \/>\n<meta property=\"og:site_name\" content=\"Dividuals\u00ae by SIRIUS Insight\" \/>\n<meta property=\"article:published_time\" content=\"2024-07-31T12:00:40+00:00\" \/>\n<meta property=\"article:modified_time\" content=\"2024-07-31T12:13:31+00:00\" \/>\n<meta property=\"og:image\" content=\"https:\/\/dividuals.be\/wp-content\/uploads\/2024\/07\/Dividuals-analysis-cars-per-household.jpg\" \/>\n\t<meta property=\"og:image:width\" content=\"1000\" \/>\n\t<meta property=\"og:image:height\" content=\"665\" \/>\n\t<meta property=\"og:image:type\" content=\"image\/jpeg\" \/>\n<meta name=\"author\" content=\"Karolien Sottiaux\" \/>\n<meta name=\"twitter:card\" content=\"summary_large_image\" \/>\n<meta name=\"twitter:label1\" content=\"\u00c9crit par\" \/>\n\t<meta name=\"twitter:data1\" content=\"Karolien Sottiaux\" \/>\n\t<meta name=\"twitter:label2\" content=\"Dur\u00e9e de lecture estim\u00e9e\" \/>\n\t<meta name=\"twitter:data2\" content=\"6 minutes\" \/>\n<script type=\"application\/ld+json\" class=\"yoast-schema-graph\">{\"@context\":\"https:\/\/schema.org\",\"@graph\":[{\"@type\":\"Article\",\"@id\":\"https:\/\/dividuals.be\/fr\/blog\/daling-van-het-aantal-wagens-per-huishouden\/#article\",\"isPartOf\":{\"@id\":\"https:\/\/dividuals.be\/fr\/blog\/daling-van-het-aantal-wagens-per-huishouden\/\"},\"author\":{\"name\":\"Karolien Sottiaux\",\"@id\":\"https:\/\/dividuals.be\/fr\/#\/schema\/person\/fc4665ad34f8c9cad39c05aea3c8044e\"},\"headline\":\"Baisse du nombre de voitures par m\u00e9nage\",\"datePublished\":\"2024-07-31T12:00:40+00:00\",\"dateModified\":\"2024-07-31T12:13:31+00:00\",\"mainEntityOfPage\":{\"@id\":\"https:\/\/dividuals.be\/fr\/blog\/daling-van-het-aantal-wagens-per-huishouden\/\"},\"wordCount\":1262,\"commentCount\":0,\"publisher\":{\"@id\":\"https:\/\/dividuals.be\/fr\/#organization\"},\"image\":{\"@id\":\"https:\/\/dividuals.be\/fr\/blog\/daling-van-het-aantal-wagens-per-huishouden\/#primaryimage\"},\"thumbnailUrl\":\"https:\/\/dividuals.be\/wp-content\/uploads\/2024\/07\/Dividuals-analysis-cars-per-household.jpg\",\"keywords\":[\"TRENDS\"],\"articleSection\":[\"Blog\"],\"inLanguage\":\"fr-FR\",\"potentialAction\":[{\"@type\":\"CommentAction\",\"name\":\"Comment\",\"target\":[\"https:\/\/dividuals.be\/fr\/blog\/daling-van-het-aantal-wagens-per-huishouden\/#respond\"]}]},{\"@type\":\"WebPage\",\"@id\":\"https:\/\/dividuals.be\/fr\/blog\/daling-van-het-aantal-wagens-per-huishouden\/\",\"url\":\"https:\/\/dividuals.be\/fr\/blog\/daling-van-het-aantal-wagens-per-huishouden\/\",\"name\":\"Baisse du nombre de voitures par m\u00e9nage - Dividuals\u00ae by SIRIUS Insight\",\"isPartOf\":{\"@id\":\"https:\/\/dividuals.be\/fr\/#website\"},\"primaryImageOfPage\":{\"@id\":\"https:\/\/dividuals.be\/fr\/blog\/daling-van-het-aantal-wagens-per-huishouden\/#primaryimage\"},\"image\":{\"@id\":\"https:\/\/dividuals.be\/fr\/blog\/daling-van-het-aantal-wagens-per-huishouden\/#primaryimage\"},\"thumbnailUrl\":\"https:\/\/dividuals.be\/wp-content\/uploads\/2024\/07\/Dividuals-analysis-cars-per-household.jpg\",\"datePublished\":\"2024-07-31T12:00:40+00:00\",\"dateModified\":\"2024-07-31T12:13:31+00:00\",\"breadcrumb\":{\"@id\":\"https:\/\/dividuals.be\/fr\/blog\/daling-van-het-aantal-wagens-per-huishouden\/#breadcrumb\"},\"inLanguage\":\"fr-FR\",\"potentialAction\":[{\"@type\":\"ReadAction\",\"target\":[\"https:\/\/dividuals.be\/fr\/blog\/daling-van-het-aantal-wagens-per-huishouden\/\"]}]},{\"@type\":\"ImageObject\",\"inLanguage\":\"fr-FR\",\"@id\":\"https:\/\/dividuals.be\/fr\/blog\/daling-van-het-aantal-wagens-per-huishouden\/#primaryimage\",\"url\":\"https:\/\/dividuals.be\/wp-content\/uploads\/2024\/07\/Dividuals-analysis-cars-per-household.jpg\",\"contentUrl\":\"https:\/\/dividuals.be\/wp-content\/uploads\/2024\/07\/Dividuals-analysis-cars-per-household.jpg\",\"width\":1000,\"height\":665,\"caption\":\"Family kids at vehicle interior. Children in trunk. Traveling by car in the mountains, atmosphere concept. Happy parents.\"},{\"@type\":\"BreadcrumbList\",\"@id\":\"https:\/\/dividuals.be\/fr\/blog\/daling-van-het-aantal-wagens-per-huishouden\/#breadcrumb\",\"itemListElement\":[{\"@type\":\"ListItem\",\"position\":1,\"name\":\"Home\",\"item\":\"https:\/\/dividuals.be\/fr\/\"},{\"@type\":\"ListItem\",\"position\":2,\"name\":\"Baisse du nombre de voitures par m\u00e9nage\"}]},{\"@type\":\"WebSite\",\"@id\":\"https:\/\/dividuals.be\/fr\/#website\",\"url\":\"https:\/\/dividuals.be\/fr\/\",\"name\":\"Dividuals\u00ae by SIRIUS Insight\",\"description\":\"\",\"publisher\":{\"@id\":\"https:\/\/dividuals.be\/fr\/#organization\"},\"potentialAction\":[{\"@type\":\"SearchAction\",\"target\":{\"@type\":\"EntryPoint\",\"urlTemplate\":\"https:\/\/dividuals.be\/fr\/?s={search_term_string}\"},\"query-input\":{\"@type\":\"PropertyValueSpecification\",\"valueRequired\":true,\"valueName\":\"search_term_string\"}}],\"inLanguage\":\"fr-FR\"},{\"@type\":\"Organization\",\"@id\":\"https:\/\/dividuals.be\/fr\/#organization\",\"name\":\"Dividuals\u00ae by SIRIUS Insight\",\"url\":\"https:\/\/dividuals.be\/fr\/\",\"logo\":{\"@type\":\"ImageObject\",\"inLanguage\":\"fr-FR\",\"@id\":\"https:\/\/dividuals.be\/fr\/#\/schema\/logo\/image\/\",\"url\":\"https:\/\/dividuals.be\/wp-content\/uploads\/2024\/03\/dividuals_colors_baseline_digital.jpg\",\"contentUrl\":\"https:\/\/dividuals.be\/wp-content\/uploads\/2024\/03\/dividuals_colors_baseline_digital.jpg\",\"width\":1642,\"height\":1147,\"caption\":\"Dividuals\u00ae by SIRIUS Insight\"},\"image\":{\"@id\":\"https:\/\/dividuals.be\/fr\/#\/schema\/logo\/image\/\"},\"sameAs\":[\"https:\/\/www.linkedin.com\/company\/sirius-insight\"]},{\"@type\":\"Person\",\"@id\":\"https:\/\/dividuals.be\/fr\/#\/schema\/person\/fc4665ad34f8c9cad39c05aea3c8044e\",\"name\":\"Karolien Sottiaux\",\"image\":{\"@type\":\"ImageObject\",\"inLanguage\":\"fr-FR\",\"@id\":\"https:\/\/secure.gravatar.com\/avatar\/63849acd864f341caddea87eabf2b1f5fdcfcd77d46bf37cd2e40bc42189aed8?s=96&d=mm&r=g\",\"url\":\"https:\/\/secure.gravatar.com\/avatar\/63849acd864f341caddea87eabf2b1f5fdcfcd77d46bf37cd2e40bc42189aed8?s=96&d=mm&r=g\",\"contentUrl\":\"https:\/\/secure.gravatar.com\/avatar\/63849acd864f341caddea87eabf2b1f5fdcfcd77d46bf37cd2e40bc42189aed8?s=96&d=mm&r=g\",\"caption\":\"Karolien Sottiaux\"},\"url\":\"https:\/\/dividuals.be\/fr\/author\/karolien-sottiauxsiriusinsight-be\/\"}]}<\/script>\n<!-- \/ Yoast SEO plugin. -->","yoast_head_json":{"title":"Baisse du nombre de voitures par m\u00e9nage - Dividuals\u00ae by SIRIUS Insight","robots":{"index":"index","follow":"follow","max-snippet":"max-snippet:-1","max-image-preview":"max-image-preview:large","max-video-preview":"max-video-preview:-1"},"canonical":"https:\/\/dividuals.be\/fr\/blog\/daling-van-het-aantal-wagens-per-huishouden\/","og_locale":"fr_FR","og_type":"article","og_title":"Baisse du nombre de voitures par m\u00e9nage - Dividuals\u00ae by SIRIUS Insight","og_description":"Ces derni\u00e8res ann\u00e9es, nous avons observ\u00e9 des changements ...","og_url":"https:\/\/dividuals.be\/fr\/blog\/daling-van-het-aantal-wagens-per-huishouden\/","og_site_name":"Dividuals\u00ae by SIRIUS Insight","article_published_time":"2024-07-31T12:00:40+00:00","article_modified_time":"2024-07-31T12:13:31+00:00","og_image":[{"width":1000,"height":665,"url":"https:\/\/dividuals.be\/wp-content\/uploads\/2024\/07\/Dividuals-analysis-cars-per-household.jpg","type":"image\/jpeg"}],"author":"Karolien Sottiaux","twitter_card":"summary_large_image","twitter_misc":{"\u00c9crit par":"Karolien Sottiaux","Dur\u00e9e de lecture estim\u00e9e":"6 minutes"},"schema":{"@context":"https:\/\/schema.org","@graph":[{"@type":"Article","@id":"https:\/\/dividuals.be\/fr\/blog\/daling-van-het-aantal-wagens-per-huishouden\/#article","isPartOf":{"@id":"https:\/\/dividuals.be\/fr\/blog\/daling-van-het-aantal-wagens-per-huishouden\/"},"author":{"name":"Karolien Sottiaux","@id":"https:\/\/dividuals.be\/fr\/#\/schema\/person\/fc4665ad34f8c9cad39c05aea3c8044e"},"headline":"Baisse du nombre de voitures par m\u00e9nage","datePublished":"2024-07-31T12:00:40+00:00","dateModified":"2024-07-31T12:13:31+00:00","mainEntityOfPage":{"@id":"https:\/\/dividuals.be\/fr\/blog\/daling-van-het-aantal-wagens-per-huishouden\/"},"wordCount":1262,"commentCount":0,"publisher":{"@id":"https:\/\/dividuals.be\/fr\/#organization"},"image":{"@id":"https:\/\/dividuals.be\/fr\/blog\/daling-van-het-aantal-wagens-per-huishouden\/#primaryimage"},"thumbnailUrl":"https:\/\/dividuals.be\/wp-content\/uploads\/2024\/07\/Dividuals-analysis-cars-per-household.jpg","keywords":["TRENDS"],"articleSection":["Blog"],"inLanguage":"fr-FR","potentialAction":[{"@type":"CommentAction","name":"Comment","target":["https:\/\/dividuals.be\/fr\/blog\/daling-van-het-aantal-wagens-per-huishouden\/#respond"]}]},{"@type":"WebPage","@id":"https:\/\/dividuals.be\/fr\/blog\/daling-van-het-aantal-wagens-per-huishouden\/","url":"https:\/\/dividuals.be\/fr\/blog\/daling-van-het-aantal-wagens-per-huishouden\/","name":"Baisse du nombre de voitures par m\u00e9nage - Dividuals\u00ae by SIRIUS Insight","isPartOf":{"@id":"https:\/\/dividuals.be\/fr\/#website"},"primaryImageOfPage":{"@id":"https:\/\/dividuals.be\/fr\/blog\/daling-van-het-aantal-wagens-per-huishouden\/#primaryimage"},"image":{"@id":"https:\/\/dividuals.be\/fr\/blog\/daling-van-het-aantal-wagens-per-huishouden\/#primaryimage"},"thumbnailUrl":"https:\/\/dividuals.be\/wp-content\/uploads\/2024\/07\/Dividuals-analysis-cars-per-household.jpg","datePublished":"2024-07-31T12:00:40+00:00","dateModified":"2024-07-31T12:13:31+00:00","breadcrumb":{"@id":"https:\/\/dividuals.be\/fr\/blog\/daling-van-het-aantal-wagens-per-huishouden\/#breadcrumb"},"inLanguage":"fr-FR","potentialAction":[{"@type":"ReadAction","target":["https:\/\/dividuals.be\/fr\/blog\/daling-van-het-aantal-wagens-per-huishouden\/"]}]},{"@type":"ImageObject","inLanguage":"fr-FR","@id":"https:\/\/dividuals.be\/fr\/blog\/daling-van-het-aantal-wagens-per-huishouden\/#primaryimage","url":"https:\/\/dividuals.be\/wp-content\/uploads\/2024\/07\/Dividuals-analysis-cars-per-household.jpg","contentUrl":"https:\/\/dividuals.be\/wp-content\/uploads\/2024\/07\/Dividuals-analysis-cars-per-household.jpg","width":1000,"height":665,"caption":"Family kids at vehicle interior. Children in trunk. Traveling by car in the mountains, atmosphere concept. Happy parents."},{"@type":"BreadcrumbList","@id":"https:\/\/dividuals.be\/fr\/blog\/daling-van-het-aantal-wagens-per-huishouden\/#breadcrumb","itemListElement":[{"@type":"ListItem","position":1,"name":"Home","item":"https:\/\/dividuals.be\/fr\/"},{"@type":"ListItem","position":2,"name":"Baisse du nombre de voitures par m\u00e9nage"}]},{"@type":"WebSite","@id":"https:\/\/dividuals.be\/fr\/#website","url":"https:\/\/dividuals.be\/fr\/","name":"Dividuals\u00ae by SIRIUS Insight","description":"","publisher":{"@id":"https:\/\/dividuals.be\/fr\/#organization"},"potentialAction":[{"@type":"SearchAction","target":{"@type":"EntryPoint","urlTemplate":"https:\/\/dividuals.be\/fr\/?s={search_term_string}"},"query-input":{"@type":"PropertyValueSpecification","valueRequired":true,"valueName":"search_term_string"}}],"inLanguage":"fr-FR"},{"@type":"Organization","@id":"https:\/\/dividuals.be\/fr\/#organization","name":"Dividuals\u00ae by SIRIUS Insight","url":"https:\/\/dividuals.be\/fr\/","logo":{"@type":"ImageObject","inLanguage":"fr-FR","@id":"https:\/\/dividuals.be\/fr\/#\/schema\/logo\/image\/","url":"https:\/\/dividuals.be\/wp-content\/uploads\/2024\/03\/dividuals_colors_baseline_digital.jpg","contentUrl":"https:\/\/dividuals.be\/wp-content\/uploads\/2024\/03\/dividuals_colors_baseline_digital.jpg","width":1642,"height":1147,"caption":"Dividuals\u00ae by SIRIUS Insight"},"image":{"@id":"https:\/\/dividuals.be\/fr\/#\/schema\/logo\/image\/"},"sameAs":["https:\/\/www.linkedin.com\/company\/sirius-insight"]},{"@type":"Person","@id":"https:\/\/dividuals.be\/fr\/#\/schema\/person\/fc4665ad34f8c9cad39c05aea3c8044e","name":"Karolien Sottiaux","image":{"@type":"ImageObject","inLanguage":"fr-FR","@id":"https:\/\/secure.gravatar.com\/avatar\/63849acd864f341caddea87eabf2b1f5fdcfcd77d46bf37cd2e40bc42189aed8?s=96&d=mm&r=g","url":"https:\/\/secure.gravatar.com\/avatar\/63849acd864f341caddea87eabf2b1f5fdcfcd77d46bf37cd2e40bc42189aed8?s=96&d=mm&r=g","contentUrl":"https:\/\/secure.gravatar.com\/avatar\/63849acd864f341caddea87eabf2b1f5fdcfcd77d46bf37cd2e40bc42189aed8?s=96&d=mm&r=g","caption":"Karolien Sottiaux"},"url":"https:\/\/dividuals.be\/fr\/author\/karolien-sottiauxsiriusinsight-be\/"}]}},"_links":{"self":[{"href":"https:\/\/dividuals.be\/fr\/wp-json\/wp\/v2\/posts\/1767","targetHints":{"allow":["GET"]}}],"collection":[{"href":"https:\/\/dividuals.be\/fr\/wp-json\/wp\/v2\/posts"}],"about":[{"href":"https:\/\/dividuals.be\/fr\/wp-json\/wp\/v2\/types\/post"}],"author":[{"embeddable":true,"href":"https:\/\/dividuals.be\/fr\/wp-json\/wp\/v2\/users\/2"}],"replies":[{"embeddable":true,"href":"https:\/\/dividuals.be\/fr\/wp-json\/wp\/v2\/comments?post=1767"}],"version-history":[{"count":2,"href":"https:\/\/dividuals.be\/fr\/wp-json\/wp\/v2\/posts\/1767\/revisions"}],"predecessor-version":[{"id":1769,"href":"https:\/\/dividuals.be\/fr\/wp-json\/wp\/v2\/posts\/1767\/revisions\/1769"}],"wp:featuredmedia":[{"embeddable":true,"href":"https:\/\/dividuals.be\/fr\/wp-json\/wp\/v2\/media\/1765"}],"wp:attachment":[{"href":"https:\/\/dividuals.be\/fr\/wp-json\/wp\/v2\/media?parent=1767"}],"wp:term":[{"taxonomy":"category","embeddable":true,"href":"https:\/\/dividuals.be\/fr\/wp-json\/wp\/v2\/categories?post=1767"},{"taxonomy":"post_tag","embeddable":true,"href":"https:\/\/dividuals.be\/fr\/wp-json\/wp\/v2\/tags?post=1767"}],"curies":[{"name":"wp","href":"https:\/\/api.w.org\/{rel}","templated":true}]}}